{"id":5638,"date":"2022-06-25T11:49:02","date_gmt":"2022-06-25T09:49:02","guid":{"rendered":"http:\/\/www.mexappeal.de\/?p=5638"},"modified":"2022-11-10T11:27:19","modified_gmt":"2022-11-10T09:27:19","slug":"what-comes-mex-30-jahre-krach","status":"publish","type":"post","link":"http:\/\/www.mexappeal.de\/?p=5638","title":{"rendered":"WHAT COMES MEX &#8211; 30 Jahre krach?"},"content":{"rendered":"\n<p><\/p>\n\n\n\n<p><\/p>\n\n\n\n<p>mex im K\u00fcnstlerhaus<br \/>Sunderweg 1, Dortmund<br \/>27. August &#8211; 2. Oktober 2022<br \/>Er\u00f6ffnung \/ Soft Opening: Freitag, 26. August 18 &#8211; 22 Uhr<\/p>\n\n\n\n<p>Konzert \/ Performance: 120 DEN<br \/>K\u00fcnstler:innen:<\/p>\n\n\n\n<h5>DARSHA HEWITT<br \/>JAN VAN IJKEN &amp; JANA WINDEREN<br \/>OLSEN<br \/>PFEIFER &amp; KREUTZER<br \/>JOANNA SCHULTE<br \/>VERA VORNEWEG<br \/>MEXTENSIONS<\/h5>\n\n\n\n<p>Finissage:<br \/>Sonntag, 2. Oktober<br \/>17 Uhr Kurator:innenf\u00fchrung<br \/>18 Uhr Kaffee und Kuchen<br \/>19 Uhr Performance-Workshop: Darsha Hewitt<br \/>20 Uhr Ervin Omsk<\/p>\n\n\n\n<p>Konzept und Organisation: Denise Ritter, Achim Zepezauer<\/p>\n\n\n\n<pre class=\"wp-block-preformatted\">\u2014\u2014<\/pre>\n\n\n\n<p>Seit 30 Jahren sorgt mex im K\u00fcnstlerhaus Dortmund f\u00fcr sonore \u00dcberraschungen und hat daf\u00fcr seither 700 K\u00fcnstler:innen aus aller Welt eingeladen. Zum Jubil\u00e4um werden nun die R\u00e4ume erneut mit Klanginstallationen und mehr gef\u00fcllt.<br \/>Die ausgestellten Arbeiten sind Experimente mit Scheibenwischern oder Winkekatzen, Plankton oder Plattenspielern und sie verbl\u00fcffen auf unterschiedlichste Art und Weise. So wird hier Sonne zu Mond, ein B\u00fcrosessel bekommt Drehschwindel und Kl\u00e4nge aus der Arktis bekommen ein Gesicht. Im Rahmenprogramm wird es auch Konzerte und Aktionen geben, die f\u00fcr mex charakteristisch sind und mit der Ausstellung jedes Klangkunstherz h\u00f6her schlagen lassen &#8230;<\/p>\n\n\n\n<p>Begleitprogramm:<br \/>26. AUG &#8211; Freitag, 21 Uhr&nbsp;\/ <strong>120 DEN<\/strong> \/ Konzert-Performance<br \/>3. SEP &#8211; Samstag, 20 Uhr&nbsp;\/ <strong>Unstumm \/ Brandstifter \/ Axel Pulgar<\/strong> \/ Konzert<br \/>16. SEP &#8211; Freitag, 20 Uhr&nbsp;\/ <strong>Frauke Berg \/ Tomczyk \/ Eliad Wagner<\/strong> \/ Konzert<br \/>2. OKT &#8211; Sonntag, 17 Uhr&nbsp;\/ Kurator:innenf\u00fchrung<br \/>2. OKT &#8211; Sonntag, 18 Uhr \/ <strong>Kaffee und Kuchen<\/strong><br \/>2. OKT &#8211; Sonntag, 19 Uhr&nbsp;\/ <strong>Darsha Hewitt<\/strong> \/ Performance-Workshop<br \/>2. OKT &#8211; Sonntag, 20 Uhr \/ <strong>Ervin Omsk<\/strong> \/ Konzert <br \/><br \/><strong>DARSHA HEWITT<\/strong>:<\/p>\n\n\n\n<figure class=\"wp-block-image size-large\"><img decoding=\"async\" loading=\"lazy\" width=\"785\" height=\"430\" src=\"http:\/\/www.mexappeal.de\/wp-content\/uploads\/2022\/06\/darsha-mex_HiFi_WASTELAND_II_ZAGREB_2382b8edfe.jpg\" alt=\"\" class=\"wp-image-5644\" srcset=\"http:\/\/www.mexappeal.de\/wp-content\/uploads\/2022\/06\/darsha-mex_HiFi_WASTELAND_II_ZAGREB_2382b8edfe.jpg 785w, http:\/\/www.mexappeal.de\/wp-content\/uploads\/2022\/06\/darsha-mex_HiFi_WASTELAND_II_ZAGREB_2382b8edfe-300x164.jpg 300w, http:\/\/www.mexappeal.de\/wp-content\/uploads\/2022\/06\/darsha-mex_HiFi_WASTELAND_II_ZAGREB_2382b8edfe-768x421.jpg 768w\" sizes=\"(max-width: 785px) 100vw, 785px\" \/><figcaption class=\"wp-element-caption\">Darsha Hewitt, High Fidelity Wasteland II: The Protoplastic Groove, Multimedia Sound Installation, 2021<\/figcaption><\/figure>\n\n\n\n<p><strong>Darsha Hewitt<\/strong> (CA\/DE) ist bekannt f\u00fcr ihre Untersuchungen veralteter Haustechnik. Im Mittelpunkt ihrer Arbeit stehen Klang und kritische Technologiestudien. Sie macht elektro-mechanische Klanginstallationen, Video, Zeichnung und Fotografie. Sie ist der Meinung, dass man viel \u00fcber die Werte der kapitalistischen Kultur lernen kann, wenn man die Materialit\u00e4t der Maschinen, Prozesse und Praktiken der Technologie untersucht, die die Konsumgesellschaft wegwirft. In ihrer dekonstruierten Form legt die allt\u00e4gliche veraltete Technologie die verwirrende Art und Weise offen, wie Menschen miteinander umgehen und wie wir mit der \u00d6kologie umgehen. In ihrer Atelierpraxis verfolgt sie einen abenteuerlichen DIY-\/Medienarch\u00e4ologie-Ansatz, bei dem verborgene Systeme in der Technologie de-\/re-mystifiziert werden, um die in der westlichen Kultur eingebetteten Strukturen von Wirtschaft, Macht und Kontrolle aufzudecken.<br \/>High Fidelity Wasteland II: The Protoplastic Groove (2021) ist das zweite St\u00fcck der High Fidelity Wasteland Trilogy &#8211; einer Reihe von klangorientierten Werken, die sich durch Generationen von sich zersetzendem Materialabfall der globalen Musikindustrie w\u00fchlen.&nbsp;In dieser Arbeit entwickelt ein Plattenspieler aus den 1950er Jahren die h\u00f6rbare Zeitskala von Musik aus der Vergangenheit weiter und verst\u00e4rkt und bewohnt die Verunreinigungen, Ger\u00e4usche und biologischen Urspr\u00fcnge von Schellackplatten &#8211; dem Vorl\u00e4ufer von Vinyl, wie wir es heute kennen. Anstatt diese klassischen Kompositionen schnell mit der Standardgeschwindigkeit von 78 Umdrehungen pro Minute zu drehen, verlangsamt dieses Werk alles auf nur 16 Umdrehungen pro Minute und dehnt den Klang zu einer umfassenden, d\u00fcsteren Landschaft aus.&nbsp;<br \/>Mit Unterst\u00fctzung des Deutschen Phonomuseums, erm\u00f6glicht durch einen Aufenthalt im Kunstverein Global Forest in St. Georgen im Schwarzwald.<br \/>Die Produktion wurde au\u00dferdem durch das Programm der Europ\u00e4ischen Medienkunstplattform von KONTEJNER | bureau of contemporary art praxis erm\u00f6glicht.&nbsp;<br \/><a rel=\"noreferrer noopener\" href=\"http:\/\/www.darsha.org\/\" target=\"_blank\">www.darsha.org<\/a><\/p>\n\n\n\n<p><strong>JAN VAN IJKEN &amp; JANA WINDEREN<\/strong>:<\/p>\n\n\n\n<figure class=\"wp-block-image size-large\"><img decoding=\"async\" loading=\"lazy\" width=\"785\" height=\"521\" src=\"http:\/\/www.mexappeal.de\/wp-content\/uploads\/2022\/06\/mex_planktonium02_8ebc862b34.jpg\" alt=\"\" class=\"wp-image-5645\" srcset=\"http:\/\/www.mexappeal.de\/wp-content\/uploads\/2022\/06\/mex_planktonium02_8ebc862b34.jpg 785w, http:\/\/www.mexappeal.de\/wp-content\/uploads\/2022\/06\/mex_planktonium02_8ebc862b34-300x199.jpg 300w, http:\/\/www.mexappeal.de\/wp-content\/uploads\/2022\/06\/mex_planktonium02_8ebc862b34-768x510.jpg 768w\" sizes=\"(max-width: 785px) 100vw, 785px\" \/><figcaption class=\"wp-element-caption\">Jan van IJken &amp; Jana Winderen, Planktonium, Kurzfilm, 4K, 15:23 min, 2021<\/figcaption><\/figure>\n\n\n\n<p>Planktonium ist ein Kurzfilm \u00fcber die unsichtbare Welt des lebenden mikroskopischen Planktons. Es ist eine Reise in ein geheimes Universum, das von au\u00dferirdischen Lebewesen bewohnt wird. Diese atemberaubend sch\u00f6nen, sehr vielf\u00e4ltigen und zahlreichen Organismen sind den meisten von uns unbekannt, weil sie f\u00fcr das blo\u00dfe Auge unsichtbar sind. Sie wandern jedoch unter der Oberfl\u00e4che aller Gew\u00e4sser um uns herum und sind f\u00fcr alles Leben auf der Erde von entscheidender Bedeutung.<br \/><strong>Jan van IJken<\/strong> hat das Plankton durch seine Mikroskope gefilmt und dabei die Sch\u00f6nheit und die filigranen Strukturen der winzigen Organismen bis ins kleinste Detail sichtbar gemacht. Der Film kommt ohne Off-Stimme und Erkl\u00e4rungen aus.<br \/>Die renommierte norwegische K\u00fcnstlerin <strong>Jana Winderen<\/strong> hat f\u00fcr den Film eine Klangkomposition angefertigt. Sie nimmt akustische Umgebungen und Lebewesen auf, die f\u00fcr den Menschen schwer zug\u00e4nglich sind, sowohl physisch als auch akustisch &#8211; tief unter Wasser, im Eis oder in Frequenzbereichen, die f\u00fcr das menschliche Ohr unh\u00f6rbar sind.<br \/>Phytoplankton (kleine pflanzen\u00e4hnliche Zellen) produziert die H\u00e4lfte des gesamten Sauerstoffs auf der Erde durch Photosynthese, wie es Pflanzen und B\u00e4ume an Land tun. Das Zooplankton bildet die Basis der Nahrungskette des aquatischen Lebens. Das Plankton spielt auch eine wichtige Rolle im globalen Kohlenstoffkreislauf. Das Plankton ist durch den Klimawandel, die globale Erw\u00e4rmung und die Versauerung der Ozeane bedroht.<br \/>Film, Regie und Produktion: Jan van IJken<br \/>Klangkomposition: Jana Winderen<br \/>Schnitt: Jan van IJken und Metje Postma<br \/>Produziert mit gro\u00dfz\u00fcgiger finanzieller Unterst\u00fctzung von Gemeente Leiden, Nederlands Film Fonds und Stichting Oog op de Natuur<br \/><a rel=\"noreferrer noopener\" href=\"http:\/\/www.janvanijken.com\/\" target=\"_blank\">www.janvanijken.com<\/a><br \/><a rel=\"noreferrer noopener\" href=\"http:\/\/www.janawinderen.com\/\" target=\"_blank\">www.janawinderen.com<\/a><\/p>\n\n\n\n<p><strong>OLSEN<\/strong>:<\/p>\n\n\n\n<figure class=\"wp-block-image size-large\"><img decoding=\"async\" loading=\"lazy\" width=\"785\" height=\"997\" src=\"http:\/\/www.mexappeal.de\/wp-content\/uploads\/2022\/06\/olsen-mex_Duesen-nach-Jaegerart-2019.jpg\" alt=\"\" class=\"wp-image-5646\" srcset=\"http:\/\/www.mexappeal.de\/wp-content\/uploads\/2022\/06\/olsen-mex_Duesen-nach-Jaegerart-2019.jpg 785w, http:\/\/www.mexappeal.de\/wp-content\/uploads\/2022\/06\/olsen-mex_Duesen-nach-Jaegerart-2019-236x300.jpg 236w, http:\/\/www.mexappeal.de\/wp-content\/uploads\/2022\/06\/olsen-mex_Duesen-nach-Jaegerart-2019-768x975.jpg 768w\" sizes=\"(max-width: 785px) 100vw, 785px\" \/><figcaption class=\"wp-element-caption\">Olsen, D\u00fcsen nach J\u00e4gerart, Chefsessel, Ventilator, versch. Elektronik, 2018, VG Bild-Kunst, Bonn, 2022<\/figcaption><\/figure>\n\n\n\n<p>Meine Arbeiten sind Untersuchungen an der Schnittstelle zwischen Mensch und Maschine. Einen besonderen Fokus lege ich dabei auf die Technologien des Alltags, mit denen man st\u00e4ndig konfrontiert wird und die unser menschliches Dasein, unsere Vorlieben und Verhaltensmuster bestimmen. Beispiele sind das \u00d6ffnen des Kofferraums per Knopfdruck, der automatische Raumbedufter oder auch der Rasenm\u00e4herroboter. Bei all diesen Beispielen handelt es sich um Automaten \u2013 Maschinen bzw. Computer \u2013 die mit Hilfe von Programmierungen bestimmte T\u00e4tigkeiten f\u00fcr den Menschen erledigen. So kann Technologie als die Anstrengung verstanden werden, dem Mensch Anstrengung zu ersparen.<br \/>Die Installationen, Roboter und Apparate, mit denen ich mich besch\u00e4ftige, selber entwerfe und konstruiere, sind jenseits von funktionaler und rationaler Logik von Technologie positioniert. So zum Beispiel&nbsp;Newton\u2019s Buddha&nbsp;ein von einer Winkekatze in Schwung gehaltenes Perpetuum Mobile,&nbsp;Uruca Caliandrum, ein Roboter-Haarb\u00fcrste, welche sich kriechend Richtung Sonnenaufgang bewegt,&nbsp;D\u00fcsen nach J\u00e4gerart, ein besessener Chefsessel, der sich um sich selber dreht,&nbsp;Definitions of the Undefined, eine Enzyklop\u00e4die, in welcher Definitionen von UFOs aus verschiedenen Enzyklop\u00e4dien weltweit zusammengetragen wurden, oder&nbsp;Kruzifix, du wei\u00dft schon\u2026&nbsp;ein gekreuzigter Roboter, welcher Korrelationen zwischen Theologie und Technologie aufzeigen soll bzw. k\u00fcnstlich intelligente Roboter zum Christentum bekehrt.<br \/>Inspiriert von Charles Fords witzenschaftlicher Weltbetrachtung, baue ich mit einer humoristischen Herangehensweise Kreaturen und Apparatusse, welche den Schlaf der wissenschaftlichen Vernunft st\u00f6ren und Denkfiguren des technologischen Determinismus, wie sie zum Beispiel in der Idee der technologischen Singularit\u00e4t zutage treten, an den F\u00fcssen kitzeln. Humor und Witz als eine Form des Widerstandes gegen den Funktionalismus der Lebenswelt im \u201epraktischen\u201c Sinne. So gesehen sind meine Arbeiten poetische Tastversuche jenseits sinnvoller Logik, Bem\u00fchungen, die faktische Wirklichkeit im Leerlauf ihres ferngesteuerten Automatismus zu liquidieren, in der Hoffnung, dass sie entgegen der Herrschaft des Zweckes oder genauer der Subordination unter die N\u00fctzlichkeit Fragen stellen, denn fraglos ist das Unn\u00fctze angefressen.<br \/><a rel=\"noreferrer noopener\" href=\"https:\/\/www.olsen-wolf.de\/\" target=\"_blank\">www.olsen-wolf.de<\/a><\/p>\n\n\n\n<p><strong>PFEIFER &amp; KREUTZER<\/strong>:<\/p>\n\n\n\n<figure class=\"wp-block-image size-large\"><img decoding=\"async\" loading=\"lazy\" width=\"706\" height=\"1024\" src=\"http:\/\/www.mexappeal.de\/wp-content\/uploads\/2022\/06\/Pfeifer_Kreutzer_mex-706x1024.jpg\" alt=\"\" class=\"wp-image-5647\" srcset=\"http:\/\/www.mexappeal.de\/wp-content\/uploads\/2022\/06\/Pfeifer_Kreutzer_mex-706x1024.jpg 706w, http:\/\/www.mexappeal.de\/wp-content\/uploads\/2022\/06\/Pfeifer_Kreutzer_mex-207x300.jpg 207w, http:\/\/www.mexappeal.de\/wp-content\/uploads\/2022\/06\/Pfeifer_Kreutzer_mex-768x1114.jpg 768w, http:\/\/www.mexappeal.de\/wp-content\/uploads\/2022\/06\/Pfeifer_Kreutzer_mex.jpg 785w\" sizes=\"(max-width: 706px) 100vw, 706px\" \/><figcaption class=\"wp-element-caption\">Pfeifer &amp; Kreutzer, L\u2019emur, Kinetisches Objekt, Fellimitat, Scheibenwischer, Wischermotor, 3D-Druck, Arduino, 2020, VG Bild-Kunst, Bonn, 2022<\/figcaption><\/figure>\n\n\n\n<p><strong>Pfeifer &amp; Kreutzer<\/strong> sind ein konzeptionell arbeitendes K\u00fcnstler:innenduo.&nbsp;<br \/>Ihre k\u00fcnstlerische Arbeit bewegt sich in unterschiedlichen Medien von Klangobjekten, kinetischen Installationen, Videos bis hin zu Mixed-Media-Installationen.&nbsp;Die K\u00fcnstler:innen hinterfragen mit ihren Kunstwerken Erwartungen, Wahrnehmungs- und Erkenntnisprozesse. Dabei brechen sie minimalistische Formsprache durch Bewegung auf, spielen mit dem Unerwarteten oder trotzen der Schwerkraft.<br \/><a rel=\"noreferrer noopener\" href=\"http:\/\/www.pfeiferkreuter.com\/\" target=\"_blank\">www.pfeiferkreutzer.com<\/a><\/p>\n\n\n\n<p><strong>JOANNA SCHULTE<\/strong>:<\/p>\n\n\n\n<figure class=\"wp-block-image size-large\"><img decoding=\"async\" loading=\"lazy\" width=\"785\" height=\"497\" src=\"http:\/\/www.mexappeal.de\/wp-content\/uploads\/2022\/06\/joana-schulte-mex.jpg\" alt=\"\" class=\"wp-image-5648\" srcset=\"http:\/\/www.mexappeal.de\/wp-content\/uploads\/2022\/06\/joana-schulte-mex.jpg 785w, http:\/\/www.mexappeal.de\/wp-content\/uploads\/2022\/06\/joana-schulte-mex-300x190.jpg 300w, http:\/\/www.mexappeal.de\/wp-content\/uploads\/2022\/06\/joana-schulte-mex-768x486.jpg 768w\" sizes=\"(max-width: 785px) 100vw, 785px\" \/><figcaption class=\"wp-element-caption\">Joanna Schulte, Stereo twice, 2 Musiktruhen: Blaupunkt Arizona mit schwarzer Diskokugel und Motor, 2018, Foto: Markus Georg, VG Bild-Kunst, Bonn 2022<\/figcaption><\/figure>\n\n\n\n<p>&#8222;In \u201eStereo twice\u201c (dt.: zweimal Stereo) stehen sich zwei Musikm\u00f6bel aus den 1960er-Jahren gegen\u00fcber. Auf den Plattentellern dreht sich \u201eGive Me Your Love\u201c, eine Hit-Single aus den 1980er-Jahren von Frank Duvall. Der musikalische Inhalt ist jedoch zweitrangig, denn die beiden Tonarme sind so manipuliert, dass immer wiederkehrend ein und dieselbe Stelle wiederholt wird. Auf analoge Weise entsteht dasselbe, was sonst elektronisch durch das Mixen von Samples entsteht: ein unbestimmter Beat, der durch die Verwendung von zwei Stereo-Klangquellen eine Raumwirkung erzeugt. Je nachdem, wo sich der Besucher im Raum befindet, findet eine Klangverf\u00e4rbung statt: So erscheinen die beiden Beats teilweise synchron, um sich im n\u00e4chsten Moment zeitlich und r\u00e4umlich voneinander zu entfernen und sich dann wiederzufinden. Die Klangarbeit verweist durch die Verwendung des Loops einerseits auf die Wiederholung als einem der elementarsten Bestandteile von Musik und gleichzeitig auf die Unm\u00f6glichkeit der vollkommenen Gleichheit des Wiederholten an sich.&#8220; (Jennifer Bork)<br \/><a rel=\"noreferrer noopener\" href=\"http:\/\/joannaschulte.de\/\" target=\"_blank\">www.joannaschulte.de<\/a><\/p>\n\n\n\n<p><strong>VERA VORNEWEG<\/strong>:<\/p>\n\n\n\n<figure class=\"wp-block-image size-large\"><img decoding=\"async\" loading=\"lazy\" width=\"785\" height=\"523\" src=\"http:\/\/www.mexappeal.de\/wp-content\/uploads\/2022\/06\/mex_Vera_Container_Piero_Nigro_7fcc94af50.jpg\" alt=\"\" class=\"wp-image-5649\" srcset=\"http:\/\/www.mexappeal.de\/wp-content\/uploads\/2022\/06\/mex_Vera_Container_Piero_Nigro_7fcc94af50.jpg 785w, http:\/\/www.mexappeal.de\/wp-content\/uploads\/2022\/06\/mex_Vera_Container_Piero_Nigro_7fcc94af50-300x200.jpg 300w, http:\/\/www.mexappeal.de\/wp-content\/uploads\/2022\/06\/mex_Vera_Container_Piero_Nigro_7fcc94af50-768x512.jpg 768w\" sizes=\"(max-width: 785px) 100vw, 785px\" \/><figcaption class=\"wp-element-caption\">Vera Vorneweg, Die Waffen nieder, Aktion im \u00f6ffentlichen Raum, D\u00fcsseldorf, 2022, Foto: Piero Negro<\/figcaption><\/figure>\n\n\n\n<p>Die Schriftstellerin <strong>Vera Vorneweg<\/strong>&nbsp;wurde 1985 in M\u00fclheim an der Ruhr geboren und lebt in D\u00fcsseldorf. Studium der Sozialen Arbeit und Philosophie.&nbsp;Zahlreiche Ver\u00f6ffentlichungen in Anthologien und Zeitschriften sowie&nbsp;in \u00f6ffentlichen R\u00e4umen. Ihr Deb\u00fct \u201eKein Wort zur\u00fcck\u201c ist soeben in&nbsp;der Edition Muschelkalk im Wartburg-Verlag erschienen.<br \/>Diverse Ausstellungen und Lesungen, u.a. im Stadtmuseum&nbsp;L\u00fcdenscheid, in Erfurt und D\u00fcsseldorf. Verschiedene Preise und&nbsp;Stipendien, z.B. Harald-Gerlach-Preis, Stipendiatin \u201eK\u00fcnstler*innen&nbsp;im l\u00e4ndlichen Raum\u201c, 1:1 Mentoringprogramm mit Marion&nbsp;Poschmann, K\u00fcnstlerstipendium NRW und K\u00fcnstlerdorf Sch\u00f6ppingen.<\/p>\n\n\n\n<p><strong>mextensions<\/strong>:<\/p>\n\n\n\n<figure class=\"wp-block-image size-large\"><img decoding=\"async\" loading=\"lazy\" width=\"785\" height=\"441\" src=\"http:\/\/www.mexappeal.de\/wp-content\/uploads\/2022\/06\/mex_mextensions_7af492d300.jpg\" alt=\"\" class=\"wp-image-5650\" srcset=\"http:\/\/www.mexappeal.de\/wp-content\/uploads\/2022\/06\/mex_mextensions_7af492d300.jpg 785w, http:\/\/www.mexappeal.de\/wp-content\/uploads\/2022\/06\/mex_mextensions_7af492d300-300x169.jpg 300w, http:\/\/www.mexappeal.de\/wp-content\/uploads\/2022\/06\/mex_mextensions_7af492d300-768x431.jpg 768w\" sizes=\"(max-width: 785px) 100vw, 785px\" \/><figcaption class=\"wp-element-caption\">mextensions, Film, 45 Min., Film Still Lena Czerniawska, 2022<\/figcaption><\/figure>\n\n\n\n<p>2020 gab es aufgrund Corona kein einziges mex-Konzert, aber daf\u00fcr einen feinen Sampler auf Vinyl, Kassette und CD. Im Jahr 2021 waren es anf\u00e4nglich recht wenige Aussichten, dass sich das \u00e4ndern k\u00f6nnte, daher begannen wir bei mex uns etwas neues auszudenken und kamen auf die Idee, 15 internationale K\u00fcnstlerInnen zu einem Kettenfilm einzuladen. Als die Besetzung fest stand, fing <strong>Tina Daurova<\/strong>&nbsp;(RU\/DE) mit einer Sequenz an, die anschlie\u00dfend <strong>Tim Huys<\/strong>&nbsp;(DE) bekam. Der drehte weitere 3 Minuten dazu und schickte es an <strong>Lena Czerniawska<\/strong> (PL), die dann den Film fortfuhr. Im Anschluss entwickelten&nbsp;<strong>Pablo Paredes<\/strong> (CL\/D), <strong>Tatsuru Arai<\/strong> (JP), <strong>Stefan Demming<\/strong> (DE), <strong>Oren Banai<\/strong> (IL\/NL), <strong>A\u00ed\u00adda Rebull<\/strong> (MX), <strong>Achim Zepezauer<\/strong> (DE), <strong>Vera Vorneweg<\/strong> (DE), <strong>Wei Kang Beh<\/strong> (MY),&nbsp;<strong>Tina Dunkel<\/strong> (DE), <strong>Anna Lytton<\/strong> (DE), <strong>Jessica Arseneau<\/strong> (CA) und <strong>Malte Jehmlich<\/strong> (DE) auf ihre Weise das Projekt in Bild und Ton immer weiter. Und nach drei Monaten war ein 45-min\u00fctiger Film fertig, der eine wunderbar facettenreiche und unvorhersehbare Geschichte erz\u00e4hlt.<\/p>\n\n\n\n<p><a rel=\"noreferrer noopener\" href=\"http:\/\/www.mexappeal.de\/\" target=\"_blank\">www.mexappeal.de<\/a><\/p>\n\n\n\n<pre class=\"wp-block-preformatted\">\u2014\u2014\u2014<\/pre>\n\n\n\n<p><a href=\"https:\/\/www.kh-do.de\/ausstellungen\/ausstellungen-2021\/regeln-fuer-den-kuenstlerhaus-besuch\">Covid-Regulierungen im K\u00fcnstlerhaus<\/a><\/p>\n\n\n\n<p>Veranstaltet von mex \u2013 intermediale und experimentelle Musikprojekte e.V. Mit freundlicher Unterst\u00fctzung durch das K\u00fcnstlerhaus Dortmund, Pro Jazz e.V. und das Kulturb\u00fcro der Stadt Dortmund. mex wird kuratiert von Achim Zepezauer.<\/p>\n\n\n\n<p><a href=\"https:\/\/www.facebook.com\/pages\/Mexappeal\/242992172453544?ref=bookmarks\" target=\"_blank\" rel=\"noreferrer noopener\">Facebook\/mexappeal<\/a><\/p>\n","protected":false},"excerpt":{"rendered":"<p>DARSHA HEWITT <br \/>\nJAN VAN IJKEN &#038; JANA <br \/>WINDEREN<br \/>\nOLSEN<br \/>\nPFEIFER &#038; KREUTZER<br \/>\nJOANNA SCHULTE<br \/>\nVERA VORNEWEG<br \/>\nMEXTENSIONS<\/p>\n","protected":false},"author":1,"featured_media":5639,"comment_status":"closed","ping_status":"closed","sticky":false,"template":"","format":"standard","meta":[],"categories":[771],"tags":[],"_links":{"self":[{"href":"http:\/\/www.mexappeal.de\/index.php?rest_route=\/wp\/v2\/posts\/5638"}],"collection":[{"href":"http:\/\/www.mexappeal.de\/index.php?rest_route=\/wp\/v2\/posts"}],"about":[{"href":"http:\/\/www.mexappeal.de\/index.php?rest_route=\/wp\/v2\/types\/post"}],"author":[{"embeddable":true,"href":"http:\/\/www.mexappeal.de\/index.php?rest_route=\/wp\/v2\/users\/1"}],"replies":[{"embeddable":true,"href":"http:\/\/www.mexappeal.de\/index.php?rest_route=%2Fwp%2Fv2%2Fcomments&post=5638"}],"version-history":[{"count":10,"href":"http:\/\/www.mexappeal.de\/index.php?rest_route=\/wp\/v2\/posts\/5638\/revisions"}],"predecessor-version":[{"id":5746,"href":"http:\/\/www.mexappeal.de\/index.php?rest_route=\/wp\/v2\/posts\/5638\/revisions\/5746"}],"wp:featuredmedia":[{"embeddable":true,"href":"http:\/\/www.mexappeal.de\/index.php?rest_route=\/wp\/v2\/media\/5639"}],"wp:attachment":[{"href":"http:\/\/www.mexappeal.de\/index.php?rest_route=%2Fwp%2Fv2%2Fmedia&parent=5638"}],"wp:term":[{"taxonomy":"category","embeddable":true,"href":"http:\/\/www.mexappeal.de\/index.php?rest_route=%2Fwp%2Fv2%2Fcategories&post=5638"},{"taxonomy":"post_tag","embeddable":true,"href":"http:\/\/www.mexappeal.de\/index.php?rest_route=%2Fwp%2Fv2%2Ftags&post=5638"}],"curies":[{"name":"wp","href":"https:\/\/api.w.org\/{rel}","templated":true}]}}