{"id":701,"date":"2004-06-20T20:25:00","date_gmt":"2004-06-20T18:25:00","guid":{"rendered":"http:\/\/www.mexappeal.de\/?p=701"},"modified":"2011-10-19T11:52:21","modified_gmt":"2011-10-19T09:52:21","slug":"pfmz-sieben-electrical-dance-improvisation","status":"publish","type":"post","link":"http:\/\/www.mexappeal.de\/?p=701","title":{"rendered":"[pfmz] sieben \/\/\/ Electrical Dance Improvisation"},"content":{"rendered":"<blockquote><p><strong>20. Juni 2004<\/strong> Sonntag &#8211; 21 h<br \/>\n<strong>mex<\/strong> im K\u00fcnstlerhaus Dortmund<\/p><\/blockquote>\n<h5>LOTT MELIN<br \/>\nCHRISTINA KUBISCH<\/p>\n<p><!--more-->&#8212;&#8212;&#8212;&#8212;&#8212;&#8212;<br \/>\n<\/h5>\n<p><strong>LOTT MELIN<\/strong> [Stockholm] \/\/ Tanz<br \/>\n<strong>CHRISTINA KUBISCH<\/strong> [Berlin] \/\/ Sound<br \/>\ngrenzg\u00e4nger\/\/07<\/p>\n<pre>\u2014\u2014\u2014\u2014\u2014\u2014\u2014\u2014\u2014<\/pre>\n<p>Der sich in der Regel neutral gebende Monat \u201eJuni\u201c ist \u2013 wie k\u00f6nnte es anders sein \u2013 dem \u201eTanz\u201c gewidmet, handelt es sich doch nicht zuf\u00e4llig um ZWEI Worte, die nicht nur den Buchstaben \u201eN\u201c an gemeinsamer DRITTER Stelle, sondern auch noch die Buchstabenzahl verbindet. Letztere nehmen wir auch zum Anlass, dem geneigten Publikum mit genau VIER Programmpunkten zu kommen, die sich wiederum \u2013 um einer potentiellen Reiz\u00fcberflutung vorzubeugen auf ZWEI Tage verteilen, geschickt durch F\u00dcNF erholsame Arbeitstage voneinander getrennt. <\/p>\n<p>Aufgetaktet wird ungewohnt solit\u00e4r mit dem Duo <strong>Lotta Melin<\/strong> aus Stockholm und <strong>Christina Kubisch<\/strong> mit deren \u201eelectrical dance improvisation\u201c, das unter besonderer Ber\u00fccksichtigung der lokalen Steckdosensituation stattfindet. W\u00e4hrend Christina Kubisch mit Hilfe von selbst gebauter Elektronik den audiovisuellen Raum untersucht, wendet sich die schwedische T\u00e4nzerin Lotta Melinbest\u00fcckt mit elektromagnetischen Sensoren und verstrickt in den Kabeln der Kollegin &#8230;<\/p>\n<pre>\u2014\u2014\u2014\u2014\u2014\u2014<\/pre>\n<blockquote><p>Die Konzerte sind ein von mex e.V., dem Verein f\u00fcr  experimentelle und  intermediale Musikprojekte veranstalteter Beitrag  einer Konzertreihe,  die unter dem Titel \u201epfmz\u201c K\u00fcnstlerInnen vorstellt,  die sich  medien\u00fcbergreifender Ausdrucksformen bedienen.<\/p>\n<p><strong>Kuratiert von Georg Dietzler (grenzgaenger@dietzlerge.org) &amp;   mex.<\/strong><br \/>\nMit freundlicher Unterst\u00fctzung der Kunststiftung NRW, der LAG   Soziokultur, der Werner Richard \u2013 Dr. Carl D\u00f6rken Stiftung, in   Kooperation mit mex, dem K\u00fcnstlerhaus Dortmund, cuba-cultur (M\u00fcnster),   freies rheinland e.V., Stadtgalerie Saarbr\u00fccken, museum kunst palast   (D\u00fcsseldorf), ProJazz e.V. und dem Kulturb\u00fcro der Stadt Dortmund.<\/p><\/blockquote>\n","protected":false},"excerpt":{"rendered":"<p>20. Juni 2004 Sonntag &#8211; 21 h mex im K\u00fcnstlerhaus Dortmund LOTT MELIN CHRISTINA KUBISCH<\/p>\n","protected":false},"author":1,"featured_media":0,"comment_status":"closed","ping_status":"closed","sticky":false,"template":"","format":"standard","meta":[],"categories":[550,492,490],"tags":[],"_links":{"self":[{"href":"http:\/\/www.mexappeal.de\/index.php?rest_route=\/wp\/v2\/posts\/701"}],"collection":[{"href":"http:\/\/www.mexappeal.de\/index.php?rest_route=\/wp\/v2\/posts"}],"about":[{"href":"http:\/\/www.mexappeal.de\/index.php?rest_route=\/wp\/v2\/types\/post"}],"author":[{"embeddable":true,"href":"http:\/\/www.mexappeal.de\/index.php?rest_route=\/wp\/v2\/users\/1"}],"replies":[{"embeddable":true,"href":"http:\/\/www.mexappeal.de\/index.php?rest_route=%2Fwp%2Fv2%2Fcomments&post=701"}],"version-history":[{"count":5,"href":"http:\/\/www.mexappeal.de\/index.php?rest_route=\/wp\/v2\/posts\/701\/revisions"}],"predecessor-version":[{"id":2821,"href":"http:\/\/www.mexappeal.de\/index.php?rest_route=\/wp\/v2\/posts\/701\/revisions\/2821"}],"wp:attachment":[{"href":"http:\/\/www.mexappeal.de\/index.php?rest_route=%2Fwp%2Fv2%2Fmedia&parent=701"}],"wp:term":[{"taxonomy":"category","embeddable":true,"href":"http:\/\/www.mexappeal.de\/index.php?rest_route=%2Fwp%2Fv2%2Fcategories&post=701"},{"taxonomy":"post_tag","embeddable":true,"href":"http:\/\/www.mexappeal.de\/index.php?rest_route=%2Fwp%2Fv2%2Ftags&post=701"}],"curies":[{"name":"wp","href":"https:\/\/api.w.org\/{rel}","templated":true}]}}