{"id":989,"date":"1998-01-03T10:54:16","date_gmt":"1998-01-03T08:54:16","guid":{"rendered":"http:\/\/www.mexappeal.de\/?p=989"},"modified":"2011-10-19T20:39:19","modified_gmt":"2011-10-19T18:39:19","slug":"look-listen-am-ende-des-jahrtausends-4","status":"publish","type":"post","link":"http:\/\/www.mexappeal.de\/?p=989","title":{"rendered":"Look &#038; Listen am Ende des Jahrtausends 98"},"content":{"rendered":"<blockquote><p>&#8230;&#8230;&#8230;&#8230;&#8230;..19<strong>98&#8230;&#8230;&#8230;&#8230;..<\/strong><br \/>\nmex im K\u00fcnstlerhaus Dortmund<\/p><\/blockquote>\n<h5>RUTH BAMBERG<br \/>\nIVAN BIERHANZL<br \/>\n<em>ELECTRA<\/em> SINJE KIEL<br \/>\nINA WIECZOREK<br \/>\nMONICA GERMINO<br \/>\nTATIANA KOLEVA<br \/>\nSHELLEY HIRSCH<br \/>\nRON KUIVILA<br \/>\nRICHARD LERMAN<br \/>\nMICHAEL LYTLE<br \/>\nPETER MAGYAR<br \/>\nKAFFE MATTHEWS<br \/>\nPHILLIPE MICOL<br \/>\nAN SEEBACH<br \/>\nWALDO RIEDL<br \/>\nTIBOR SZEMZO<br \/>\n<!--more--><\/h5>\n<p>&#8212;&#8212;&#8212;&#8212;&#8212;&#8212;<\/p>\n<p><strong>RUTH BAMBERG<\/strong> [D]<br \/>\n<strong>IVAN BIERHANZL<\/strong> [SR]<br \/>\n<strong><em>ELECTRA<\/em> SINJE KIEL <\/strong> [NL]<br \/>\n<strong>INA WIECZOREK<\/strong> [D]<br \/>\n<strong>MONICA GERMINO<\/strong> [USA]<br \/>\n<strong>TATIANA KOLEVA<\/strong> [BG]<br \/>\n<strong>SHELLEY HIRSCH<\/strong> [USA]<br \/>\n<strong>RON KUIVILA<\/strong> [USA]<br \/>\n<strong>RICHARD LERMAN<\/strong> [USA]<br \/>\n<strong>MICHAEL LYTLE<\/strong> [USA]<br \/>\n<strong>PETER MAGYAR<\/strong> [HU]<br \/>\n<strong>KAFFE MATTHEWS<\/strong> [GB]<br \/>\n<strong>PHILLIPE MICOL<\/strong> [CH\/D]<br \/>\n<strong>AN SEEBACH<\/strong> [D]<br \/>\n<strong>WALDO RIEDL<\/strong> [D]<br \/>\n<strong>TIBOR SZEMZO<\/strong> [HU]<\/p>\n<p>Auch 1998 wurde &#8222;Look &amp; Listen am Ende des Jahrtausends&#8220; mit dem besonderen Focus auf elektronische Kl\u00e4nge in audio-visuelle&lt;n&gt; Verkn\u00fcpfungen, fortgesetzt. Neben dieser seit 1993 kontinuierlich mit ebenso kontinuierlicher Unterst\u00fctzung von ProJazz e.V. und des Kulturb\u00fcros der Stadt Dortmund stattfinden&lt;den&gt; ganzj\u00e4hrigen Konzertreihe konnten im Laufe des letzten Jahres wieder diverse &#8218;Specials&#8216; realisiert werden.<\/p>\n<p>&#8212;&#8212;&#8212;-<\/p>\n<blockquote><p>Veranstaltet von mex \u2013 intermediale und experimentelle  Musikprojekte e.V. Mit freundlicher Unterst\u00fctzung durch das K\u00fcnstlerhaus  Dortmund sowie Pro Jazz e.V. und das Kulturb\u00fcro der Stadt Dortmund.<\/p><\/blockquote>\n","protected":false},"excerpt":{"rendered":"<p>&#8230;&#8230;&#8230;&#8230;&#8230;..1998&#8230;&#8230;&#8230;&#8230;.. mex im K\u00fcnstlerhaus Dortmund RUTH BAMBERG IVAN BIERHANZL ELECTRA SINJE KIEL INA WIECZOREK MONICA GERMINO TATIANA KOLEVA SHELLEY HIRSCH RON KUIVILA RICHARD LERMAN MICHAEL LYTLE PETER MAGYAR KAFFE MATTHEWS PHILLIPE MICOL AN SEEBACH WALDO RIEDL TIBOR SZEMZO<\/p>\n","protected":false},"author":1,"featured_media":0,"comment_status":"open","ping_status":"open","sticky":false,"template":"","format":"standard","meta":[],"categories":[320,321,326,329,324,327,332,334,147,335,336,338,339,127,123,350,325],"tags":[],"_links":{"self":[{"href":"http:\/\/www.mexappeal.de\/index.php?rest_route=\/wp\/v2\/posts\/989"}],"collection":[{"href":"http:\/\/www.mexappeal.de\/index.php?rest_route=\/wp\/v2\/posts"}],"about":[{"href":"http:\/\/www.mexappeal.de\/index.php?rest_route=\/wp\/v2\/types\/post"}],"author":[{"embeddable":true,"href":"http:\/\/www.mexappeal.de\/index.php?rest_route=\/wp\/v2\/users\/1"}],"replies":[{"embeddable":true,"href":"http:\/\/www.mexappeal.de\/index.php?rest_route=%2Fwp%2Fv2%2Fcomments&post=989"}],"version-history":[{"count":8,"href":"http:\/\/www.mexappeal.de\/index.php?rest_route=\/wp\/v2\/posts\/989\/revisions"}],"predecessor-version":[{"id":993,"href":"http:\/\/www.mexappeal.de\/index.php?rest_route=\/wp\/v2\/posts\/989\/revisions\/993"}],"wp:attachment":[{"href":"http:\/\/www.mexappeal.de\/index.php?rest_route=%2Fwp%2Fv2%2Fmedia&parent=989"}],"wp:term":[{"taxonomy":"category","embeddable":true,"href":"http:\/\/www.mexappeal.de\/index.php?rest_route=%2Fwp%2Fv2%2Fcategories&post=989"},{"taxonomy":"post_tag","embeddable":true,"href":"http:\/\/www.mexappeal.de\/index.php?rest_route=%2Fwp%2Fv2%2Ftags&post=989"}],"curies":[{"name":"wp","href":"https:\/\/api.w.org\/{rel}","templated":true}]}}